{"id":58927,"date":"2023-03-29T14:14:21","date_gmt":"2023-03-29T14:14:21","guid":{"rendered":"https:\/\/www.novacura.com\/?p=58927"},"modified":"2024-02-28T14:32:38","modified_gmt":"2024-02-28T14:32:38","slug":"novacura-production-4-0-konferencja-w-poznaniu","status":"publish","type":"post","link":"https:\/\/www.novacura.com\/pl\/novacura-production-4-0-konferencja-w-poznaniu\/","title":{"rendered":"Novacura wzi\u0119\u0142a udzia\u0142 w konferencji Production 4.0. w Poznaniu"},"content":{"rendered":"\t\t<div data-elementor-type=\"wp-post\" data-elementor-id=\"58927\" class=\"elementor elementor-58927\">\n\t\t\t\t\t\t<section class=\"elementor-section elementor-top-section elementor-element elementor-element-728def5 elementor-section-boxed elementor-section-height-default elementor-section-height-default\" data-id=\"728def5\" data-element_type=\"section\" data-e-type=\"section\">\n\t\t\t\t\t\t<div class=\"elementor-container elementor-column-gap-default\">\n\t\t\t\t\t<div class=\"elementor-column elementor-col-100 elementor-top-column elementor-element elementor-element-e3702eb\" data-id=\"e3702eb\" data-element_type=\"column\" data-e-type=\"column\">\n\t\t\t<div class=\"elementor-widget-wrap elementor-element-populated\">\n\t\t\t\t\t\t<div class=\"elementor-element elementor-element-071a621 elementor-widget elementor-widget-text\" data-id=\"071a621\" data-element_type=\"widget\" data-e-type=\"widget\" data-widget_type=\"text.default\">\n\t\t\t\t<div class=\"elementor-widget-container\">\n\t\t\t\t\t<section class=\"section text-section text-with-media-section post-section widget-type-two-widths pt-none pb-none background-type-transparent\">\n    <div class=\"container\">\n        <div class=\"grid-el-12\">\n            <div class=\"text-container\">\n                <div class=\"text-container-in\">\n                    <div ><p>Bran\u017ca produkcyjna obejmuje kompleksowe systemy i&nbsp;procesy, kt\u00f3re maj\u0105 kluczowe znaczenie dla sprawnego funkcjonowania codziennych operacji w&nbsp;Przemy\u015ble 4.0. Dlatego zgodno\u015b\u0107 zarz\u0105dzania produkcj\u0105 powinna obejmowa\u0107 stan techniczny zasob\u00f3w operacyjnych i&nbsp;rejestrowanie przetwarzania zada\u0144 w&nbsp;<b>spos\u00f3b scentralizowany w&nbsp;systemie ERP.<\/b> W&nbsp;dzisiejszym \u015brodowisku produkcyjnym nale\u017cy skupi\u0107 si\u0119 na podej\u015bciu do zarz\u0105dzania fabryk\u0105 i&nbsp;\u0142a\u0144cuchem dostaw, kt\u00f3re mo\u017ce dostarcza\u0107 dane o&nbsp;post\u0119pie zam\u00f3wie\u0144 do kontroli produkcji, wykrywa\u0107 problemy z&nbsp;maszynami w&nbsp;odpowiednim czasie w&nbsp;celu planowania czasu (<b>zapobieganie przestojom<\/b>) oraz oferowa\u0107 daty i&nbsp;czasy dostaw. Mo\u017cliwo\u015bci te mog\u0105 by\u0107 wspierane przez rozwi\u0105zania mobilne dostarczane przez oprogramowanie, kt\u00f3re zapewnia proces przep\u0142ywu informacji na hali produkcyjnej i&nbsp;system zarz\u0105dzania magazynem.<\/p>\n<p>\u00a0<\/p>\n<p>Aspekty te i&nbsp;wiele innych z&nbsp;zakresu zarz\u0105dzania produkcj\u0105 zosta\u0142y om\u00f3wione podczas konferencji <strong>Production 4.0.<\/strong>, kt\u00f3ra odby\u0142a si\u0119 <strong>28 marca 2023<\/strong> r. w&nbsp;hotelu Novotel w&nbsp;Poznaniu. Novacura uczestniczy\u0142a w&nbsp;konferencji Production 4.0. i&nbsp;zaprezentowa\u0142a swoje spostrze\u017cenia na temat bran\u017cy produkcyjnej wraz z&nbsp;21 innymi ekspertami z&nbsp;sektora produkcyjnego. Przedstawiciele firmy Novacura, wraz z&nbsp;Adamem Szlembarskim i&nbsp;<strong style=\"letter-spacing: 0.16px;\"><a href=\"https:\/\/www.linkedin.com\/in\/lukasz-majer-1390492\/\">\u0141ukaszem Majer<\/a><\/strong><span style=\"letter-spacing: 0.16px;\">, kt\u00f3rzy\u00a0<\/span>byli w&nbsp;stanie odpowiedzie\u0107 na wiele pyta\u0144 biznesowych zwi\u0105zanych z&nbsp;Przemys\u0142em 4.0.<\/p>\n<\/div>\n                <\/div>\n            <\/div>\n        <\/div>\n    <\/div>\n<\/section>\n\t\t\t\t<\/div>\n\t\t\t\t<\/div>\n\t\t\t\t<div class=\"elementor-element elementor-element-2ed2f8f elementor-widget elementor-widget-text\" data-id=\"2ed2f8f\" data-element_type=\"widget\" data-e-type=\"widget\" data-widget_type=\"text.default\">\n\t\t\t\t<div class=\"elementor-widget-container\">\n\t\t\t\t\t<section class=\"section text-section text-with-media-section post-section widget-type-two-widths pt-none pb-none background-type-transparent\">\n    <div class=\"container\">\n        <div class=\"grid-el-12\">\n            <div class=\"text-container\">\n                <div class=\"text-container-in\">\n                    <div ><p><img fetchpriority=\"high\" fetchpriority=\"high\" decoding=\"async\" class=\"alignnone size-medium wp-image-44344\" src=\"https:\/\/www.novacura.com\/wp-content\/uploads\/2023\/05\/prodcution-manager-conference-poznan-2023-1-932x524.png\" alt=\"\" width=\"932\" height=\"524\" srcset=\"https:\/\/www.novacura.com\/wp-content\/uploads\/2023\/05\/prodcution-manager-conference-poznan-2023-1-932x524.png 932w, https:\/\/www.novacura.com\/wp-content\/uploads\/2023\/05\/prodcution-manager-conference-poznan-2023-1-768x432.png 768w, https:\/\/www.novacura.com\/wp-content\/uploads\/2023\/05\/prodcution-manager-conference-poznan-2023-1-73x41.png 73w, https:\/\/www.novacura.com\/wp-content\/uploads\/2023\/05\/prodcution-manager-conference-poznan-2023-1-1072x603.png 1072w, https:\/\/www.novacura.com\/wp-content\/uploads\/2023\/05\/prodcution-manager-conference-poznan-2023-1-152x86.png 152w, https:\/\/www.novacura.com\/wp-content\/uploads\/2023\/05\/prodcution-manager-conference-poznan-2023-1-284x160.png 284w, https:\/\/www.novacura.com\/wp-content\/uploads\/2023\/05\/prodcution-manager-conference-poznan-2023-1-217x122.png 217w, https:\/\/www.novacura.com\/wp-content\/uploads\/2023\/05\/prodcution-manager-conference-poznan-2023-1-184x104.png 184w, https:\/\/www.novacura.com\/wp-content\/uploads\/2023\/05\/prodcution-manager-conference-poznan-2023-1-704x396.png 704w, https:\/\/www.novacura.com\/wp-content\/uploads\/2023\/05\/prodcution-manager-conference-poznan-2023-1-619x348.png 619w, https:\/\/www.novacura.com\/wp-content\/uploads\/2023\/05\/prodcution-manager-conference-poznan-2023-1-267x150.png 267w, https:\/\/www.novacura.com\/wp-content\/uploads\/2023\/05\/prodcution-manager-conference-poznan-2023-1-1008x567.png 1008w, https:\/\/www.novacura.com\/wp-content\/uploads\/2023\/05\/prodcution-manager-conference-poznan-2023-1.png 1280w\" sizes=\"(max-width: 932px) 100vw, 932px\" \/><\/p>\n<\/div>\n                <\/div>\n            <\/div>\n        <\/div>\n    <\/div>\n<\/section>\n\t\t\t\t<\/div>\n\t\t\t\t<\/div>\n\t\t\t\t<div class=\"elementor-element elementor-element-7e3de58 elementor-widget elementor-widget-text\" data-id=\"7e3de58\" data-element_type=\"widget\" data-e-type=\"widget\" data-widget_type=\"text.default\">\n\t\t\t\t<div class=\"elementor-widget-container\">\n\t\t\t\t\t<section class=\"section text-section text-with-media-section post-section widget-type-two-widths pt-none pb-none background-type-transparent\">\n    <div class=\"container\">\n        <div class=\"grid-el-12\">\n            <div class=\"text-container\">\n                <div class=\"text-container-in\">\n                    <div ><p style=\"text-align: center;\"><em>Wydarzenie przyci\u0105gn\u0119\u0142o wielu <strong>ekspert\u00f3w z&nbsp;firm produkcyjnych<\/strong> dzia\u0142aj\u0105cych na rynkach mi\u0119dzynarodowych.<\/em><\/p>\n<\/div>\n                <\/div>\n            <\/div>\n        <\/div>\n    <\/div>\n<\/section>\n\t\t\t\t<\/div>\n\t\t\t\t<\/div>\n\t\t\t\t<div class=\"elementor-element elementor-element-6b7f9e2 elementor-widget elementor-widget-header\" data-id=\"6b7f9e2\" data-element_type=\"widget\" data-e-type=\"widget\" data-widget_type=\"header.default\">\n\t\t\t\t<div class=\"elementor-widget-container\">\n\t\t\t\t\t    <section class=\"section header-section post-section widget-type-two-widths  pt-small pb-default background-type-transparent  section-counter\" id=\"Prezentacja-Novacura-1\">\n        <div class=\"container\">\n            <div class=\"grid-el-12\">\n                <div class=\"header-container widget-type-two-widths-content type-full-width\">\n                    <div class=\"header-title\" style=\"text-align: left;\">\n                        <h2 >PREZENTACJA NOVACURA NA KONFERENCJI PRODUKCJA 4.0 W POZNANIU<\/h2>\n                    <\/div>\n                <\/div>\n            <\/div>\n        <\/div>\n    <\/section>\n\t\t\t\t<\/div>\n\t\t\t\t<\/div>\n\t\t\t\t<div class=\"elementor-element elementor-element-f4043be elementor-widget elementor-widget-text\" data-id=\"f4043be\" data-element_type=\"widget\" data-e-type=\"widget\" data-widget_type=\"text.default\">\n\t\t\t\t<div class=\"elementor-widget-container\">\n\t\t\t\t\t<section class=\"section text-section text-with-media-section post-section widget-type-two-widths pt-none pb-none background-type-transparent\">\n    <div class=\"container\">\n        <div class=\"grid-el-12\">\n            <div class=\"text-container\">\n                <div class=\"text-container-in\">\n                    <div ><p>Podczas wydarzenia przedstawiciel Novacura \u0141ukasz Majer, bazuj\u0105c na swoim wieloletnim do\u015bwiadczeniu w&nbsp;dostarczaniu rozwi\u0105za\u0144 biznesowych dla r\u00f3\u017cnych bran\u017c, wcieli\u0142 si\u0119 w&nbsp;rol\u0119 eksperta ds. optymalizacji proces\u00f3w i&nbsp;zaprezentowa\u0142 elastyczne podej\u015bcie do zarz\u0105dzania dedykowane bran\u017cy produkcyjnej.<\/p>\n<\/div>\n                <\/div>\n            <\/div>\n        <\/div>\n    <\/div>\n<\/section>\n\t\t\t\t<\/div>\n\t\t\t\t<\/div>\n\t\t\t\t<div class=\"elementor-element elementor-element-daeda22 elementor-widget elementor-widget-text\" data-id=\"daeda22\" data-element_type=\"widget\" data-e-type=\"widget\" data-widget_type=\"text.default\">\n\t\t\t\t<div class=\"elementor-widget-container\">\n\t\t\t\t\t<section class=\"section text-section text-with-media-section post-section widget-type-two-widths pt-none pb-none background-type-transparent\">\n    <div class=\"container\">\n        <div class=\"grid-el-12\">\n            <div class=\"text-container\">\n                <div class=\"text-container-in\">\n                    <div ><p><img decoding=\"async\" class=\"alignnone size-medium wp-image-44329\" src=\"https:\/\/www.novacura.com\/wp-content\/uploads\/2023\/05\/prodcution-manager-conference-poznan-2023-novacura-presentation-932x524.png\" alt=\"\" width=\"932\" height=\"524\" srcset=\"https:\/\/www.novacura.com\/wp-content\/uploads\/2023\/05\/prodcution-manager-conference-poznan-2023-novacura-presentation-932x524.png 932w, https:\/\/www.novacura.com\/wp-content\/uploads\/2023\/05\/prodcution-manager-conference-poznan-2023-novacura-presentation-768x432.png 768w, https:\/\/www.novacura.com\/wp-content\/uploads\/2023\/05\/prodcution-manager-conference-poznan-2023-novacura-presentation-73x41.png 73w, https:\/\/www.novacura.com\/wp-content\/uploads\/2023\/05\/prodcution-manager-conference-poznan-2023-novacura-presentation-1072x603.png 1072w, https:\/\/www.novacura.com\/wp-content\/uploads\/2023\/05\/prodcution-manager-conference-poznan-2023-novacura-presentation-152x86.png 152w, https:\/\/www.novacura.com\/wp-content\/uploads\/2023\/05\/prodcution-manager-conference-poznan-2023-novacura-presentation-284x160.png 284w, https:\/\/www.novacura.com\/wp-content\/uploads\/2023\/05\/prodcution-manager-conference-poznan-2023-novacura-presentation-217x122.png 217w, https:\/\/www.novacura.com\/wp-content\/uploads\/2023\/05\/prodcution-manager-conference-poznan-2023-novacura-presentation-184x104.png 184w, https:\/\/www.novacura.com\/wp-content\/uploads\/2023\/05\/prodcution-manager-conference-poznan-2023-novacura-presentation-704x396.png 704w, https:\/\/www.novacura.com\/wp-content\/uploads\/2023\/05\/prodcution-manager-conference-poznan-2023-novacura-presentation-619x348.png 619w, https:\/\/www.novacura.com\/wp-content\/uploads\/2023\/05\/prodcution-manager-conference-poznan-2023-novacura-presentation-267x150.png 267w, https:\/\/www.novacura.com\/wp-content\/uploads\/2023\/05\/prodcution-manager-conference-poznan-2023-novacura-presentation-1008x567.png 1008w, https:\/\/www.novacura.com\/wp-content\/uploads\/2023\/05\/prodcution-manager-conference-poznan-2023-novacura-presentation.png 1280w\" sizes=\"(max-width: 932px) 100vw, 932px\" \/><\/p>\n<\/div>\n                <\/div>\n            <\/div>\n        <\/div>\n    <\/div>\n<\/section>\n\t\t\t\t<\/div>\n\t\t\t\t<\/div>\n\t\t\t\t<div class=\"elementor-element elementor-element-f13e6f7 elementor-widget elementor-widget-text\" data-id=\"f13e6f7\" data-element_type=\"widget\" data-e-type=\"widget\" data-widget_type=\"text.default\">\n\t\t\t\t<div class=\"elementor-widget-container\">\n\t\t\t\t\t<section class=\"section text-section text-with-media-section post-section widget-type-two-widths pt-none pb-none background-type-transparent\">\n    <div class=\"container\">\n        <div class=\"grid-el-12\">\n            <div class=\"text-container\">\n                <div class=\"text-container-in\">\n                    <div ><p style=\"text-align: center;\"><em><strong><a href=\"https:\/\/www.linkedin.com\/in\/lukasz-majer-1390492\/\">\u0141ukasz Majer<\/a><\/strong> podczas prezentacji Novacura na konferencji<strong> Production 4.0<\/strong> w&nbsp;Poznaniu.<\/em><\/p>\n<\/div>\n                <\/div>\n            <\/div>\n        <\/div>\n    <\/div>\n<\/section>\n\t\t\t\t<\/div>\n\t\t\t\t<\/div>\n\t\t\t\t<div class=\"elementor-element elementor-element-363ef2d elementor-widget elementor-widget-text\" data-id=\"363ef2d\" data-element_type=\"widget\" data-e-type=\"widget\" data-widget_type=\"text.default\">\n\t\t\t\t<div class=\"elementor-widget-container\">\n\t\t\t\t\t<section class=\"section text-section text-with-media-section post-section widget-type-two-widths pt-none pb-none background-type-transparent\">\n    <div class=\"container\">\n        <div class=\"grid-el-12\">\n            <div class=\"text-container\">\n                <div class=\"text-container-in\">\n                    <div ><p>Temat prezentacji Novacura: <b>Dlaczego bycie lean ju\u017c nie wystarcza w&nbsp;\u015bwiecie rz\u0105dzonym przez chaos &#8211; jak osi\u0105gn\u0105\u0107 wysok\u0105 produktywno\u015b\u0107 b\u0119d\u0105c elastycznym!<\/b>, podczas konferencji Production 4.0, ma zasadnicze implikacje dla dziedziny produkcji. Prelegent Novacura wyja\u015bni\u0142 publiczno\u015bci, \u017ce marzec 2020 wywr\u00f3ci\u0142 \u017cycie wielu firm produkcyjnych do g\u00f3ry nogami. Kiedy wydawa\u0142o si\u0119, \u017ce COVID&#8217;19 jest ju\u017c za nami, wojna na Ukrainie wstrz\u0105sn\u0119\u0142a \u015bwiatem, jaki znamy &#8211; \u0142a\u0144cuchy dostaw za\u0142ama\u0142y si\u0119, kursy walut i&nbsp;energii sta\u0142y si\u0119 nieprzewidywalne, a&nbsp;inwestorzy wstrzymali wydatki. Dane pokazuj\u0105, \u017ce firmy, kt\u00f3re by\u0142y na to najlepiej przygotowane, by\u0142y najmniej zorganizowane. Mia\u0142y najwi\u0119cej bufor\u00f3w w&nbsp;magazynie, a&nbsp;precyzyjne procedury uniemo\u017cliwia\u0142y im zmian\u0119 rutyny biznesowej &#8222;z dnia na dzie\u0144&#8221;.<\/p>\n<\/div>\n                <\/div>\n            <\/div>\n        <\/div>\n    <\/div>\n<\/section>\n\t\t\t\t<\/div>\n\t\t\t\t<\/div>\n\t\t\t\t<div class=\"elementor-element elementor-element-e99d488 elementor-widget elementor-widget-text\" data-id=\"e99d488\" data-element_type=\"widget\" data-e-type=\"widget\" data-widget_type=\"text.default\">\n\t\t\t\t<div class=\"elementor-widget-container\">\n\t\t\t\t\t<section class=\"section text-section text-with-media-section post-section widget-type-two-widths pt-none pb-none background-type-transparent\">\n    <div class=\"container\">\n        <div class=\"grid-el-12\">\n            <div class=\"text-container\">\n                <div class=\"text-container-in\">\n                    <div ><p><img decoding=\"async\" class=\"alignnone size-medium wp-image-44336\" src=\"https:\/\/www.novacura.com\/wp-content\/uploads\/2023\/05\/prodcution-manager-conference-poznan-2023-novacura-demo-932x524.png\" alt=\"\" width=\"932\" height=\"524\" srcset=\"https:\/\/www.novacura.com\/wp-content\/uploads\/2023\/05\/prodcution-manager-conference-poznan-2023-novacura-demo-932x524.png 932w, https:\/\/www.novacura.com\/wp-content\/uploads\/2023\/05\/prodcution-manager-conference-poznan-2023-novacura-demo-768x432.png 768w, https:\/\/www.novacura.com\/wp-content\/uploads\/2023\/05\/prodcution-manager-conference-poznan-2023-novacura-demo-73x41.png 73w, https:\/\/www.novacura.com\/wp-content\/uploads\/2023\/05\/prodcution-manager-conference-poznan-2023-novacura-demo-1072x603.png 1072w, https:\/\/www.novacura.com\/wp-content\/uploads\/2023\/05\/prodcution-manager-conference-poznan-2023-novacura-demo-152x86.png 152w, https:\/\/www.novacura.com\/wp-content\/uploads\/2023\/05\/prodcution-manager-conference-poznan-2023-novacura-demo-284x160.png 284w, https:\/\/www.novacura.com\/wp-content\/uploads\/2023\/05\/prodcution-manager-conference-poznan-2023-novacura-demo-217x122.png 217w, https:\/\/www.novacura.com\/wp-content\/uploads\/2023\/05\/prodcution-manager-conference-poznan-2023-novacura-demo-184x104.png 184w, https:\/\/www.novacura.com\/wp-content\/uploads\/2023\/05\/prodcution-manager-conference-poznan-2023-novacura-demo-704x396.png 704w, https:\/\/www.novacura.com\/wp-content\/uploads\/2023\/05\/prodcution-manager-conference-poznan-2023-novacura-demo-619x348.png 619w, https:\/\/www.novacura.com\/wp-content\/uploads\/2023\/05\/prodcution-manager-conference-poznan-2023-novacura-demo-267x150.png 267w, https:\/\/www.novacura.com\/wp-content\/uploads\/2023\/05\/prodcution-manager-conference-poznan-2023-novacura-demo-1008x567.png 1008w, https:\/\/www.novacura.com\/wp-content\/uploads\/2023\/05\/prodcution-manager-conference-poznan-2023-novacura-demo.png 1280w\" sizes=\"(max-width: 932px) 100vw, 932px\" \/><\/p>\n<\/div>\n                <\/div>\n            <\/div>\n        <\/div>\n    <\/div>\n<\/section>\n\t\t\t\t<\/div>\n\t\t\t\t<\/div>\n\t\t\t\t<div class=\"elementor-element elementor-element-c751eb7 elementor-widget elementor-widget-text\" data-id=\"c751eb7\" data-element_type=\"widget\" data-e-type=\"widget\" data-widget_type=\"text.default\">\n\t\t\t\t<div class=\"elementor-widget-container\">\n\t\t\t\t\t<section class=\"section text-section text-with-media-section post-section widget-type-two-widths pt-none pb-none background-type-transparent\">\n    <div class=\"container\">\n        <div class=\"grid-el-12\">\n            <div class=\"text-container\">\n                <div class=\"text-container-in\">\n                    <div ><p style=\"text-align: center;\"><em><a href=\"https:\/\/www.linkedin.com\/in\/adszpl\/\"><strong>Adam Szlembarski<\/strong><\/a> (business consultant)\u00a0<\/em><i>podczas przygotowywania demo aplikacji mobilnej Novacura dedykowanej dla produkcji, dla odwiedzaj\u0105cych stoisko.<\/i><\/p>\n<\/div>\n                <\/div>\n            <\/div>\n        <\/div>\n    <\/div>\n<\/section>\n\t\t\t\t<\/div>\n\t\t\t\t<\/div>\n\t\t\t\t<div class=\"elementor-element elementor-element-4c6bac3 elementor-widget elementor-widget-text\" data-id=\"4c6bac3\" data-element_type=\"widget\" data-e-type=\"widget\" data-widget_type=\"text.default\">\n\t\t\t\t<div class=\"elementor-widget-container\">\n\t\t\t\t\t<section class=\"section text-section text-with-media-section post-section widget-type-two-widths pt-none pb-none background-type-transparent\">\n    <div class=\"container\">\n        <div class=\"grid-el-12\">\n            <div class=\"text-container\">\n                <div class=\"text-container-in\">\n                    <div ><p style=\"margin: 0cm;\">Wniosek jest taki, \u017ce chaos zawsze b\u0119dzie nam towarzyszy\u0142 &#8211; gospodarka jest globalna, co oznacza, \u017ce przez swoj\u0105 z\u0142o\u017cono\u015b\u0107 nie jest ju\u017c przewidywalna. Co wi\u0119cej, stoimy w&nbsp;obliczu kolejnej wielkiej rewolucji zwi\u0105zanej ze sztuczn\u0105 inteligencj\u0105. Musimy dostosowa\u0107 spos\u00f3b, w&nbsp;jaki my\u015blimy o<strong> optymalizacji &#8211; elastyczno\u015b\u0107 i&nbsp;bezpiecze\u0144stwo<\/strong>, kt\u00f3re s\u0105 teraz niezb\u0119dnymi elementami. Prezentacja zaproponuje podej\u015bcie do optymalizacji firm, w&nbsp;kt\u00f3rym automatyzacja i&nbsp;my\u015blenie procesowe maj\u0105 miejsce przy jednoczesnym zachowaniu elastyczno\u015bci i&nbsp;zdolno\u015bci do bardzo szybkiego wprowadzania zmian. Novacura przedstawi\u0142a konkretne narz\u0119dzia, takie jak aplikacje mobilne do kontroli produkcji, kt\u00f3re mog\u0105 zapewni\u0107 ten efekt, kt\u00f3ry nie wymaga ogromnej zmiany mentalnej i&nbsp;lider\u00f3w. W\u015br\u00f3d firm, w&nbsp;kt\u00f3rych automatyzacja i&nbsp;my\u015blenie procesowe maj\u0105 miejsce przy <strong>jednoczesnym zachowaniu elastyczno\u015bci<\/strong>, tj. zdolno\u015bci do szybkiego wprowadzania zmian. Przedstawione zostan\u0105 konkretne narz\u0119dzia, dzi\u0119ki kt\u00f3rym osi\u0105gni\u0119cie tego efektu nie wymaga ogromnej zmiany mentalnej i&nbsp;lider\u00f3w.<\/p>\n<\/div>\n                <\/div>\n            <\/div>\n        <\/div>\n    <\/div>\n<\/section>\n\t\t\t\t<\/div>\n\t\t\t\t<\/div>\n\t\t\t\t<div class=\"elementor-element elementor-element-b25205d elementor-widget elementor-widget-text\" data-id=\"b25205d\" data-element_type=\"widget\" data-e-type=\"widget\" data-widget_type=\"text.default\">\n\t\t\t\t<div class=\"elementor-widget-container\">\n\t\t\t\t\t<section class=\"section text-section text-with-media-section post-section widget-type-two-widths pt-none pb-none background-type-transparent\">\n    <div class=\"container\">\n        <div class=\"grid-el-12\">\n            <div class=\"text-container\">\n                <div class=\"text-container-in\">\n                    <div ><div class=\"video-over-container\">\n<div class=\"video-container\"><iframe title=\"Konferencja dla sektora produkcji i&nbsp;przemys\u0142u w&nbsp;Poznaniu\" width=\"500\" height=\"281\" src=\"https:\/\/www.youtube.com\/embed\/QX1X3DhJqSs?start=123&#038;feature=oembed\" frameborder=\"0\" allow=\"accelerometer; autoplay; clipboard-write; encrypted-media; gyroscope; picture-in-picture; web-share\" referrerpolicy=\"strict-origin-when-cross-origin\" allowfullscreen><\/iframe><\/div>\n<\/div>\n<\/div>\n                <\/div>\n            <\/div>\n        <\/div>\n    <\/div>\n<\/section>\n\t\t\t\t<\/div>\n\t\t\t\t<\/div>\n\t\t\t\t<div class=\"elementor-element elementor-element-af984b0 elementor-widget elementor-widget-text\" data-id=\"af984b0\" data-element_type=\"widget\" data-e-type=\"widget\" data-widget_type=\"text.default\">\n\t\t\t\t<div class=\"elementor-widget-container\">\n\t\t\t\t\t<section class=\"section text-section text-with-media-section post-section widget-type-two-widths pt-none pb-none background-type-transparent\">\n    <div class=\"container\">\n        <div class=\"grid-el-12\">\n            <div class=\"text-container\">\n                <div class=\"text-container-in\">\n                    <div ><p style=\"text-align: center;\"><em>Prezentacja Novacura jest dost\u0119pna na kanale Novacura You Tube w&nbsp;lokalnym j\u0119zyku. Mo\u017cna r\u00f3wnie\u017c zapozna\u0107 si\u0119 z&nbsp;innymi materia\u0142ami dotycz\u0105cych <strong>rozwi\u0105za\u0144 mobilnych Novacura<\/strong> przeznaczonymi na rynek angloj\u0119zyczny.<\/em><\/p>\n<\/div>\n                <\/div>\n            <\/div>\n        <\/div>\n    <\/div>\n<\/section>\n\t\t\t\t<\/div>\n\t\t\t\t<\/div>\n\t\t\t\t<div class=\"elementor-element elementor-element-33168cf elementor-widget elementor-widget-header\" data-id=\"33168cf\" data-element_type=\"widget\" data-e-type=\"widget\" data-widget_type=\"header.default\">\n\t\t\t\t<div class=\"elementor-widget-container\">\n\t\t\t\t\t    <section class=\"section header-section post-section widget-type-two-widths  pt-small pb-default background-type-transparent  section-counter\" id=\"Podsumowanie-2\">\n        <div class=\"container\">\n            <div class=\"grid-el-12\">\n                <div class=\"header-container widget-type-two-widths-content type-full-width\">\n                    <div class=\"header-title\" style=\"text-align: left;\">\n                        <h2 >Podsumowanie<\/h2>\n                    <\/div>\n                <\/div>\n            <\/div>\n        <\/div>\n    <\/section>\n\t\t\t\t<\/div>\n\t\t\t\t<\/div>\n\t\t\t\t<div class=\"elementor-element elementor-element-387f7b5 elementor-widget elementor-widget-text\" data-id=\"387f7b5\" data-element_type=\"widget\" data-e-type=\"widget\" data-widget_type=\"text.default\">\n\t\t\t\t<div class=\"elementor-widget-container\">\n\t\t\t\t\t<section class=\"section text-section text-with-media-section post-section widget-type-two-widths pt-none pb-none background-type-transparent\">\n    <div class=\"container\">\n        <div class=\"grid-el-12\">\n            <div class=\"text-container\">\n                <div class=\"text-container-in\">\n                    <div ><p>Niezb\u0119dnym wymogiem dla ka\u017cdego zak\u0142adu produkcyjnego jest zautomatyzowane pozyskiwanie danych online w&nbsp;ramach systemu, kt\u00f3ry zapewnia integracj\u0119 proces\u00f3w biznesowych w&nbsp;organizacji. Po\u0142\u0105czenie mi\u0119dzy<strong> hal\u0105 produkcyjn\u0105 a&nbsp;zarz\u0105dzaniem magazynem<\/strong> wymaga kontroli w&nbsp;obiegu zamkni\u0119tym, kt\u00f3ra mo\u017ce by\u0107 skutecznie realizowana tylko przy wsparciu rozwi\u0105za\u0144 mobilnych. Te cechy biznesowe sprawiaj\u0105, \u017ce wdra\u017canie aplikacji mobilnych na miejscu jest dominuj\u0105cym podej\u015bciem systemowym, kt\u00f3re obejmuje r\u00f3\u017cne okoliczno\u015bci operacyjne, od operacji wewn\u0119trznych po wysy\u0142k\u0119, co zapewnia bardzo praktyczne wyniki.<\/p>\n<\/div>\n                <\/div>\n            <\/div>\n        <\/div>\n    <\/div>\n<\/section>\n\t\t\t\t<\/div>\n\t\t\t\t<\/div>\n\t\t\t\t<div class=\"elementor-element elementor-element-a1bc3e3 elementor-widget elementor-widget-text\" data-id=\"a1bc3e3\" data-element_type=\"widget\" data-e-type=\"widget\" data-widget_type=\"text.default\">\n\t\t\t\t<div class=\"elementor-widget-container\">\n\t\t\t\t\t<section class=\"section text-section text-with-media-section post-section widget-type-two-widths pt-none pb-none background-type-transparent\">\n    <div class=\"container\">\n        <div class=\"grid-el-12\">\n            <div class=\"text-container\">\n                <div class=\"text-container-in\">\n                    <div ><p><img loading=\"lazy\" loading=\"lazy\" decoding=\"async\" class=\"alignnone size-medium wp-image-44340 aligncenter\" src=\"https:\/\/www.novacura.com\/wp-content\/uploads\/2023\/05\/prodcution-manager-conference-poznan-2023-novacura-team-400x524.png\" alt=\"\" width=\"400\" height=\"524\" srcset=\"https:\/\/www.novacura.com\/wp-content\/uploads\/2023\/05\/prodcution-manager-conference-poznan-2023-novacura-team-400x524.png 400w, https:\/\/www.novacura.com\/wp-content\/uploads\/2023\/05\/prodcution-manager-conference-poznan-2023-novacura-team-31x41.png 31w, https:\/\/www.novacura.com\/wp-content\/uploads\/2023\/05\/prodcution-manager-conference-poznan-2023-novacura-team-116x152.png 116w, https:\/\/www.novacura.com\/wp-content\/uploads\/2023\/05\/prodcution-manager-conference-poznan-2023-novacura-team-122x160.png 122w, https:\/\/www.novacura.com\/wp-content\/uploads\/2023\/05\/prodcution-manager-conference-poznan-2023-novacura-team-93x122.png 93w, https:\/\/www.novacura.com\/wp-content\/uploads\/2023\/05\/prodcution-manager-conference-poznan-2023-novacura-team-141x184.png 141w, https:\/\/www.novacura.com\/wp-content\/uploads\/2023\/05\/prodcution-manager-conference-poznan-2023-novacura-team-266x348.png 266w, https:\/\/www.novacura.com\/wp-content\/uploads\/2023\/05\/prodcution-manager-conference-poznan-2023-novacura-team-115x150.png 115w, https:\/\/www.novacura.com\/wp-content\/uploads\/2023\/05\/prodcution-manager-conference-poznan-2023-novacura-team.png 550w\" sizes=\"auto, (max-width: 400px) 100vw, 400px\" \/><\/p>\n<\/div>\n                <\/div>\n            <\/div>\n        <\/div>\n    <\/div>\n<\/section>\n\t\t\t\t<\/div>\n\t\t\t\t<\/div>\n\t\t\t\t<div class=\"elementor-element elementor-element-7cb4827 elementor-widget elementor-widget-text\" data-id=\"7cb4827\" data-element_type=\"widget\" data-e-type=\"widget\" data-widget_type=\"text.default\">\n\t\t\t\t<div class=\"elementor-widget-container\">\n\t\t\t\t\t<section class=\"section text-section text-with-media-section post-section widget-type-two-widths pt-none pb-none background-type-transparent\">\n    <div class=\"container\">\n        <div class=\"grid-el-12\">\n            <div class=\"text-container\">\n                <div class=\"text-container-in\">\n                    <div ><p style=\"text-align: center;\"><em><a href=\"https:\/\/www.linkedin.com\/in\/lukasz-majer-1390492\/\"><strong>\u0141ukasz Majer<\/strong><\/a> oraz <strong><a href=\"https:\/\/www.linkedin.com\/in\/adszpl\/\">Adam Szlembarski<\/a><\/strong> w&nbsp;miejscu konferencji Production 4.0.<\/em><\/p>\n<\/div>\n                <\/div>\n            <\/div>\n        <\/div>\n    <\/div>\n<\/section>\n\t\t\t\t<\/div>\n\t\t\t\t<\/div>\n\t\t\t\t<div class=\"elementor-element elementor-element-ffc8f56 elementor-widget elementor-widget-text\" data-id=\"ffc8f56\" data-element_type=\"widget\" data-e-type=\"widget\" data-widget_type=\"text.default\">\n\t\t\t\t<div class=\"elementor-widget-container\">\n\t\t\t\t\t<section class=\"section text-section text-with-media-section post-section widget-type-two-widths pt-none pb-none background-type-transparent\">\n    <div class=\"container\">\n        <div class=\"grid-el-12\">\n            <div class=\"text-container\">\n                <div class=\"text-container-in\">\n                    <div ><p>Novacura dostarcza rozwi\u0105zania biznesowe dla r\u00f3\u017cnych bran\u017c od prawie 20 lat. Wspieramy firmy produkcyjne za pomoc\u0105 aplikacji mobilnych zaprojektowanych do r\u00f3\u017cnych cel\u00f3w, od gromadzenia danych po wewn\u0119trzne operacje zwi\u0105zane z&nbsp;kompletacj\u0105, pakowaniem i&nbsp;wysy\u0142k\u0105. Nasze oprogramowanie mo\u017cna pod\u0142\u0105czy\u0107 do maszyn produkcyjnych za po\u015brednictwem <a style=\"font-weight: bold;\" href=\"https:\/\/www.novacura.com\/novacura-flow\/novacura-flow-connectors\/\">IoT connectors <\/a>\u00a0(konektor\u00f3w ang. Interent of Things) daj\u0105c absolutn\u0105 kontrol\u0119 nad ca\u0142ym biznesem. Nasi klienci w&nbsp;Polsce, Szwecji i&nbsp;Stanach Zjednoczonych korzystaj\u0105 z&nbsp;naszego rozwi\u0105zania, aby wspiera\u0107 swoj\u0105 dzia\u0142alno\u015b\u0107 i&nbsp;w widoczny spos\u00f3b genrowa\u0107 zwrot koszt\u00f3w inwestycji (ang.\u00a0<strong><a href=\"https:\/\/www.novacura.com\/business-and-industry-terminology\/#ROI\">return on investment<\/a>)<\/strong>. Skontaktuj si\u0119 z&nbsp;nami ju\u017c dzi\u015b i&nbsp;zobacz, co mo\u017cemy zrobi\u0107 dla Twojej produkcji.<\/p>\n<\/div>\n                <\/div>\n            <\/div>\n        <\/div>\n    <\/div>\n<\/section>\n\t\t\t\t<\/div>\n\t\t\t\t<\/div>\n\t\t\t\t<div class=\"elementor-element elementor-element-28a65f7 elementor-widget elementor-widget-button\" data-id=\"28a65f7\" data-element_type=\"widget\" data-e-type=\"widget\" data-widget_type=\"button.default\">\n\t\t\t\t<div class=\"elementor-widget-container\">\n\t\t\t\t\t<section class=\"section button-section widget-type-two-widths post-section  type-margin-bottom  background-type-transparent type-full-width\">\n    <div class=\"container\">\n        <div class=\"grid-el-12\">\n            <div class=\"button-container\" style=\"justify-content: center ;\">\n                                    <a href=\"#Contact\" class=\"button button variant-1-solid size-l\">\n                                                    <span>Contact<\/span>\n                                                <\/a>\n                                <\/div>\n        <\/div>\n    <\/div>\n<\/section>\n\t\t\t\t<\/div>\n\t\t\t\t<\/div>\n\t\t\t\t<div class=\"elementor-element elementor-element-39c2622 elementor-widget elementor-widget-related-articles\" data-id=\"39c2622\" data-element_type=\"widget\" data-e-type=\"widget\" data-widget_type=\"related-articles.default\">\n\t\t\t\t<div class=\"elementor-widget-container\">\n\t\t\t\t\t\n<section class=\"related-articles-section section post-section\n background-type-transparent type-6-columns pt-default pb-default background-type-transparent\">\n    <div class=\"container\">\n                    <div class=\"section-title-container grid-el-12\">\n                <div class=\"section-title-container-in\">\n                    <div class=\"section-title h3-text\">\n                        <span >Related articles<\/span>\n                        <span class=\"section-title-after\">:<\/span>\n                    <\/div>\n                <\/div>\n            <\/div>\n                                <div class=\"article-tiles-container grid-el-12\">\n                                    <a href=\"https:\/\/www.novacura.com\/pl\/optymalizacja-procesow-biznesowych-podcast\/\" class=\"article-tile\">\n                                                    <div class=\"image-container\">\n                                <img loading=\"lazy\" decoding=\"async\" width=\"504\" height=\"284\" src=\"https:\/\/www.novacura.com\/wp-content\/uploads\/2024\/02\/novacura-visited-itm-industry-europe-trade-fair-for-manufacturing-and-logistics-1-1.jpg\" class=\"article-tile-image wp-post-image\" alt=\"\" srcset=\"https:\/\/www.novacura.com\/wp-content\/uploads\/2024\/02\/novacura-visited-itm-industry-europe-trade-fair-for-manufacturing-and-logistics-1-1.jpg 1280w, https:\/\/www.novacura.com\/wp-content\/uploads\/2024\/02\/novacura-visited-itm-industry-europe-trade-fair-for-manufacturing-and-logistics-1-1-932x524.jpg 932w, https:\/\/www.novacura.com\/wp-content\/uploads\/2024\/02\/novacura-visited-itm-industry-europe-trade-fair-for-manufacturing-and-logistics-1-1-768x432.jpg 768w, https:\/\/www.novacura.com\/wp-content\/uploads\/2024\/02\/novacura-visited-itm-industry-europe-trade-fair-for-manufacturing-and-logistics-1-1-73x41.jpg 73w, https:\/\/www.novacura.com\/wp-content\/uploads\/2024\/02\/novacura-visited-itm-industry-europe-trade-fair-for-manufacturing-and-logistics-1-1-1072x603.jpg 1072w, https:\/\/www.novacura.com\/wp-content\/uploads\/2024\/02\/novacura-visited-itm-industry-europe-trade-fair-for-manufacturing-and-logistics-1-1-152x86.jpg 152w, https:\/\/www.novacura.com\/wp-content\/uploads\/2024\/02\/novacura-visited-itm-industry-europe-trade-fair-for-manufacturing-and-logistics-1-1-284x160.jpg 284w, https:\/\/www.novacura.com\/wp-content\/uploads\/2024\/02\/novacura-visited-itm-industry-europe-trade-fair-for-manufacturing-and-logistics-1-1-217x122.jpg 217w, https:\/\/www.novacura.com\/wp-content\/uploads\/2024\/02\/novacura-visited-itm-industry-europe-trade-fair-for-manufacturing-and-logistics-1-1-184x104.jpg 184w, https:\/\/www.novacura.com\/wp-content\/uploads\/2024\/02\/novacura-visited-itm-industry-europe-trade-fair-for-manufacturing-and-logistics-1-1-704x396.jpg 704w, https:\/\/www.novacura.com\/wp-content\/uploads\/2024\/02\/novacura-visited-itm-industry-europe-trade-fair-for-manufacturing-and-logistics-1-1-619x348.jpg 619w, https:\/\/www.novacura.com\/wp-content\/uploads\/2024\/02\/novacura-visited-itm-industry-europe-trade-fair-for-manufacturing-and-logistics-1-1-267x150.jpg 267w, https:\/\/www.novacura.com\/wp-content\/uploads\/2024\/02\/novacura-visited-itm-industry-europe-trade-fair-for-manufacturing-and-logistics-1-1-1008x567.jpg 1008w\" sizes=\"(max-width: 504px) 100vw, 504px\" \/>                            <\/div>\n                                                                                                                                        <span class=\"title\">Optymalizacja proces\u00f3w biznesowych &#8211; podcast<\/span>\n                                                                                                <div class=\"excerpt default-text-2\">Novacura jest coraz bli\u017cej premiery podcastu, Process Optmizaiton Podcast.\u00a0 W&nbsp;trakcie nagra\u0144, przeprowadzamy wywiady z&nbsp;ekspertami biznesowymi z&nbsp;r\u00f3\u017cnych bran\u017c, rozmawiaj\u0105c z&nbsp;nimi o&nbsp;usprawnieniu proces\u00f3w w&nbsp;ich dzia\u0142alno\u015bci. Nazywamy [&hellip;]<\/div>\n                                                                                                            <div class=\"button-container\">\n                            <span class=\"button button-link-1-s-for-white\"><span>Dowiedz si\u0119 wi\u0119cej<\/span><\/span>\n                        <\/div>\n\n                    <\/a>\n                                                            <a href=\"https:\/\/www.novacura.com\/pl\/itm-industry-europe\/\" class=\"article-tile\">\n                                                    <div class=\"image-container\">\n                                <img loading=\"lazy\" decoding=\"async\" width=\"504\" height=\"284\" src=\"https:\/\/www.novacura.com\/wp-content\/uploads\/2023\/05\/itm-industry-europe.png\" class=\"article-tile-image wp-post-image\" alt=\"\" srcset=\"https:\/\/www.novacura.com\/wp-content\/uploads\/2023\/05\/itm-industry-europe.png 1280w, https:\/\/www.novacura.com\/wp-content\/uploads\/2023\/05\/itm-industry-europe-932x524.png 932w, https:\/\/www.novacura.com\/wp-content\/uploads\/2023\/05\/itm-industry-europe-768x432.png 768w, https:\/\/www.novacura.com\/wp-content\/uploads\/2023\/05\/itm-industry-europe-73x41.png 73w, https:\/\/www.novacura.com\/wp-content\/uploads\/2023\/05\/itm-industry-europe-1072x603.png 1072w, https:\/\/www.novacura.com\/wp-content\/uploads\/2023\/05\/itm-industry-europe-152x86.png 152w, https:\/\/www.novacura.com\/wp-content\/uploads\/2023\/05\/itm-industry-europe-284x160.png 284w, https:\/\/www.novacura.com\/wp-content\/uploads\/2023\/05\/itm-industry-europe-217x122.png 217w, https:\/\/www.novacura.com\/wp-content\/uploads\/2023\/05\/itm-industry-europe-184x104.png 184w, https:\/\/www.novacura.com\/wp-content\/uploads\/2023\/05\/itm-industry-europe-704x396.png 704w, https:\/\/www.novacura.com\/wp-content\/uploads\/2023\/05\/itm-industry-europe-619x348.png 619w, https:\/\/www.novacura.com\/wp-content\/uploads\/2023\/05\/itm-industry-europe-267x150.png 267w, https:\/\/www.novacura.com\/wp-content\/uploads\/2023\/05\/itm-industry-europe-1008x567.png 1008w\" sizes=\"(max-width: 504px) 100vw, 504px\" \/>                            <\/div>\n                                                                                                                                        <span class=\"title\">Novacura odwiedzi\u0142a targi produkcji i&nbsp;logistyki ITM INDUSTRY EUROPE<\/span>\n                                                                                                <div class=\"excerpt default-text-2\">Sektory produkcji, logistyki i&nbsp;transportu w&nbsp;Europie \u015arodkowej do\u015bwiadczy\u0142y znacznego wzrostu w&nbsp;ci\u0105gu ostatnich dw\u00f3ch dekad. Przez wiele lat r\u00f3\u017cne bran\u017ce mia\u0142y rosn\u0105c\u0105 potrzeb\u0119 lepszej wsp\u00f3\u0142pracy zewn\u0119trznej i&nbsp;koordynacji [&hellip;]<\/div>\n                                                                                                            <div class=\"button-container\">\n                            <span class=\"button button-link-1-s-for-white\"><span>Dowiedz si\u0119 wi\u0119cej<\/span><\/span>\n                        <\/div>\n\n                    <\/a>\n                                                            <a href=\"https:\/\/www.novacura.com\/pl\/novacura-the-transport-logistics-fair-w-monachium\/\" class=\"article-tile\">\n                                                    <div class=\"image-container\">\n                                <img loading=\"lazy\" decoding=\"async\" width=\"504\" height=\"284\" src=\"https:\/\/www.novacura.com\/wp-content\/uploads\/2023\/05\/transport-logistics-munich-entrence.png\" class=\"article-tile-image wp-post-image\" alt=\"\" srcset=\"https:\/\/www.novacura.com\/wp-content\/uploads\/2023\/05\/transport-logistics-munich-entrence.png 1280w, https:\/\/www.novacura.com\/wp-content\/uploads\/2023\/05\/transport-logistics-munich-entrence-932x524.png 932w, https:\/\/www.novacura.com\/wp-content\/uploads\/2023\/05\/transport-logistics-munich-entrence-768x432.png 768w, https:\/\/www.novacura.com\/wp-content\/uploads\/2023\/05\/transport-logistics-munich-entrence-73x41.png 73w, https:\/\/www.novacura.com\/wp-content\/uploads\/2023\/05\/transport-logistics-munich-entrence-1072x603.png 1072w, https:\/\/www.novacura.com\/wp-content\/uploads\/2023\/05\/transport-logistics-munich-entrence-152x86.png 152w, https:\/\/www.novacura.com\/wp-content\/uploads\/2023\/05\/transport-logistics-munich-entrence-284x160.png 284w, https:\/\/www.novacura.com\/wp-content\/uploads\/2023\/05\/transport-logistics-munich-entrence-217x122.png 217w, https:\/\/www.novacura.com\/wp-content\/uploads\/2023\/05\/transport-logistics-munich-entrence-184x104.png 184w, https:\/\/www.novacura.com\/wp-content\/uploads\/2023\/05\/transport-logistics-munich-entrence-704x396.png 704w, https:\/\/www.novacura.com\/wp-content\/uploads\/2023\/05\/transport-logistics-munich-entrence-619x348.png 619w, https:\/\/www.novacura.com\/wp-content\/uploads\/2023\/05\/transport-logistics-munich-entrence-267x150.png 267w, https:\/\/www.novacura.com\/wp-content\/uploads\/2023\/05\/transport-logistics-munich-entrence-1008x567.png 1008w\" sizes=\"(max-width: 504px) 100vw, 504px\" \/>                            <\/div>\n                                                                                                                                        <span class=\"title\">Novacura odwiedzi\u0142a targi Transport Logistics w&nbsp;Monachium<\/span>\n                                                                                                <div class=\"excerpt default-text-2\">Mi\u0119dzynarodowa wystawa logistyki, mobilno\u015bci, IT i&nbsp;zarz\u0105dzania \u0142a\u0144cuchem dostaw&nbsp;9-12 maja 2023 r. | Centrum targowe Messe M\u00fcnchen Targi Transport Logistics odbywaj\u0105 si\u0119 ju\u017c od ponad 30 [&hellip;]<\/div>\n                                                                                                            <div class=\"button-container\">\n                            <span class=\"button button-link-1-s-for-white\"><span>Dowiedz si\u0119 wi\u0119cej<\/span><\/span>\n                        <\/div>\n\n                    <\/a>\n                                                            <a href=\"https:\/\/www.novacura.com\/pl\/novacura-production-4-0-konferencja-w-poznaniu\/\" class=\"article-tile\">\n                                                    <div class=\"image-container\">\n                                <img loading=\"lazy\" decoding=\"async\" width=\"504\" height=\"284\" src=\"https:\/\/www.novacura.com\/wp-content\/uploads\/2023\/05\/prodcution-manager-conference-poznan-2023-presentation-novacura-2.png\" class=\"article-tile-image wp-post-image\" alt=\"\" srcset=\"https:\/\/www.novacura.com\/wp-content\/uploads\/2023\/05\/prodcution-manager-conference-poznan-2023-presentation-novacura-2.png 1280w, https:\/\/www.novacura.com\/wp-content\/uploads\/2023\/05\/prodcution-manager-conference-poznan-2023-presentation-novacura-2-932x524.png 932w, https:\/\/www.novacura.com\/wp-content\/uploads\/2023\/05\/prodcution-manager-conference-poznan-2023-presentation-novacura-2-768x432.png 768w, https:\/\/www.novacura.com\/wp-content\/uploads\/2023\/05\/prodcution-manager-conference-poznan-2023-presentation-novacura-2-73x41.png 73w, https:\/\/www.novacura.com\/wp-content\/uploads\/2023\/05\/prodcution-manager-conference-poznan-2023-presentation-novacura-2-1072x603.png 1072w, https:\/\/www.novacura.com\/wp-content\/uploads\/2023\/05\/prodcution-manager-conference-poznan-2023-presentation-novacura-2-152x86.png 152w, https:\/\/www.novacura.com\/wp-content\/uploads\/2023\/05\/prodcution-manager-conference-poznan-2023-presentation-novacura-2-284x160.png 284w, https:\/\/www.novacura.com\/wp-content\/uploads\/2023\/05\/prodcution-manager-conference-poznan-2023-presentation-novacura-2-217x122.png 217w, https:\/\/www.novacura.com\/wp-content\/uploads\/2023\/05\/prodcution-manager-conference-poznan-2023-presentation-novacura-2-184x104.png 184w, https:\/\/www.novacura.com\/wp-content\/uploads\/2023\/05\/prodcution-manager-conference-poznan-2023-presentation-novacura-2-704x396.png 704w, https:\/\/www.novacura.com\/wp-content\/uploads\/2023\/05\/prodcution-manager-conference-poznan-2023-presentation-novacura-2-619x348.png 619w, https:\/\/www.novacura.com\/wp-content\/uploads\/2023\/05\/prodcution-manager-conference-poznan-2023-presentation-novacura-2-267x150.png 267w, https:\/\/www.novacura.com\/wp-content\/uploads\/2023\/05\/prodcution-manager-conference-poznan-2023-presentation-novacura-2-1008x567.png 1008w\" sizes=\"(max-width: 504px) 100vw, 504px\" \/>                            <\/div>\n                                                                                                                                        <span class=\"title\">Novacura wzi\u0119\u0142a udzia\u0142 w&nbsp;konferencji Production 4.0. w&nbsp;Poznaniu<\/span>\n                                                                                                <div class=\"excerpt default-text-2\">Bran\u017ca produkcyjna obejmuje kompleksowe systemy i&nbsp;procesy, kt\u00f3re maj\u0105 kluczowe znaczenie dla sprawnego funkcjonowania codziennych operacji w&nbsp;Przemy\u015ble 4.0. Dlatego zgodno\u015b\u0107 zarz\u0105dzania produkcj\u0105 powinna obejmowa\u0107 stan techniczny [&hellip;]<\/div>\n                                                                                                            <div class=\"button-container\">\n                            <span class=\"button button-link-1-s-for-white\"><span>Dowiedz si\u0119 wi\u0119cej<\/span><\/span>\n                        <\/div>\n\n                    <\/a>\n                                                    <\/div>\n                            <a href=\"https:\/\/www.novacura.com\/pl\/blog\/?novacura_blog_type_tag=corporate-news\" class=\"more-link button size-l variant-1-outline\"><span>Wi\u0119cej artuku\u0142\u00f3w<\/span><\/a>\n                                    <\/div>\n<\/section>\n\n\t\t\t\t<\/div>\n\t\t\t\t<\/div>\n\t\t\t\t\t<\/div>\n\t\t<\/div>\n\t\t\t\t\t<\/div>\n\t\t<\/section>\n\t\t\t\t<section class=\"elementor-section elementor-top-section elementor-element elementor-element-1959b07 elementor-section-boxed elementor-section-height-default elementor-section-height-default\" data-id=\"1959b07\" data-element_type=\"section\" data-e-type=\"section\">\n\t\t\t\t\t\t<div class=\"elementor-container elementor-column-gap-default\">\n\t\t\t\t\t<div class=\"elementor-column elementor-col-100 elementor-top-column elementor-element elementor-element-e5146fe\" data-id=\"e5146fe\" data-element_type=\"column\" data-e-type=\"column\">\n\t\t\t<div class=\"elementor-widget-wrap elementor-element-populated\">\n\t\t\t\t\t\t<div class=\"elementor-element elementor-element-6857a52 elementor-widget elementor-widget-anchor\" data-id=\"6857a52\" data-element_type=\"widget\" data-e-type=\"widget\" data-widget_type=\"anchor.default\">\n\t\t\t\t<div class=\"elementor-widget-container\">\n\t\t\t\t\t    <div class=\"anchor-section widget-type-two-widths\">\n        <div class=\"container\">\n            <div class=\"container-in\">\n                <div class=\"widget-type-two-widths-content\">\n                    <span class=\"outer\">#<span id=\"Contact\">Contact<\/span><\/span>\n                                    <\/div>\n            <\/div>\n        <\/div>\n    <\/div>\n\t\t\t\t<\/div>\n\t\t\t\t<\/div>\n\t\t\t\t\t<\/div>\n\t\t<\/div>\n\t\t\t\t\t<\/div>\n\t\t<\/section>\n\t\t\t\t<\/div>\n\t\t","protected":false},"excerpt":{"rendered":"<p>Bran\u017ca produkcyjna obejmuje kompleksowe systemy i&nbsp;procesy, kt\u00f3re maj\u0105 kluczowe znaczenie dla sprawnego funkcjonowania codziennych operacji w&nbsp;Przemy\u015ble 4.0. Dlatego zgodno\u015b\u0107 zarz\u0105dzania produkcj\u0105 powinna obejmowa\u0107 stan techniczny [&hellip;]<\/p>\n","protected":false},"author":10,"featured_media":44325,"comment_status":"open","ping_status":"open","sticky":false,"template":"","format":"standard","meta":{"_acf_changed":false,"content-type":""},"categories":[1],"class_list":["post-58927","post","type-post","status-publish","format-standard","has-post-thumbnail","hentry","category-uncategorized","novacura_blog_type_tag-corporate-news"],"acf":[],"yoast_head":"<!-- This site is optimized with the Yoast SEO plugin v27.4 - https:\/\/yoast.com\/product\/yoast-seo-wordpress\/ -->\n<title>Novacura wzi\u0119\u0142a udzia\u0142 w konferencji Production 4.0. w Poznaniu &#8211; Novacura<\/title>\n<meta name=\"description\" content=\"Konferencja Production 4.0., kt\u00f3ra odby\u0142a si\u0119 28 marca 2023 r. w hotelu Novotel w Poznaniu. Novacura uczestniczy\u0142a w konferencji.\" \/>\n<meta name=\"robots\" content=\"index, follow, max-snippet:-1, max-image-preview:large, max-video-preview:-1\" \/>\n<link rel=\"canonical\" href=\"https:\/\/www.novacura.com\/pl\/novacura-production-4-0-konferencja-w-poznaniu\/\" \/>\n<meta property=\"og:locale\" content=\"pl_PL\" \/>\n<meta property=\"og:type\" content=\"article\" \/>\n<meta property=\"og:title\" content=\"Novacura wzi\u0119\u0142a udzia\u0142 w konferencji Production 4.0. w Poznaniu &#8211; Novacura\" \/>\n<meta property=\"og:description\" content=\"Konferencja Production 4.0., kt\u00f3ra odby\u0142a si\u0119 28 marca 2023 r. w hotelu Novotel w Poznaniu. Novacura uczestniczy\u0142a w konferencji.\" \/>\n<meta property=\"og:url\" content=\"https:\/\/www.novacura.com\/pl\/novacura-production-4-0-konferencja-w-poznaniu\/\" \/>\n<meta property=\"og:site_name\" content=\"Novacura\" \/>\n<meta property=\"article:published_time\" content=\"2023-03-29T14:14:21+00:00\" \/>\n<meta property=\"article:modified_time\" content=\"2024-02-28T14:32:38+00:00\" \/>\n<meta property=\"og:image\" content=\"https:\/\/www.novacura.com\/wp-content\/uploads\/2024\/02\/novacura-wziela-udzial-w-konferencji-production-40-w-poznaniu.jpg\" \/>\n\t<meta property=\"og:image:width\" content=\"1280\" \/>\n\t<meta property=\"og:image:height\" content=\"720\" \/>\n\t<meta property=\"og:image:type\" content=\"image\/jpeg\" \/>\n<meta name=\"author\" content=\"Oleksandr Vasetskyi\" \/>\n<meta name=\"twitter:card\" content=\"summary_large_image\" \/>\n<script type=\"application\/ld+json\" class=\"yoast-schema-graph\">{\"@context\":\"https:\\\/\\\/schema.org\",\"@graph\":[{\"@type\":\"Article\",\"@id\":\"https:\\\/\\\/www.novacura.com\\\/pl\\\/novacura-production-4-0-konferencja-w-poznaniu\\\/#article\",\"isPartOf\":{\"@id\":\"https:\\\/\\\/www.novacura.com\\\/pl\\\/novacura-production-4-0-konferencja-w-poznaniu\\\/\"},\"author\":{\"name\":\"Oleksandr Vasetskyi\",\"@id\":\"https:\\\/\\\/www.novacura.com\\\/pl\\\/#\\\/schema\\\/person\\\/bbfeaab222b638015ba32c8959dbe154\"},\"headline\":\"Novacura wzi\u0119\u0142a udzia\u0142 w konferencji Production 4.0. w Poznaniu\",\"datePublished\":\"2023-03-29T14:14:21+00:00\",\"dateModified\":\"2024-02-28T14:32:38+00:00\",\"mainEntityOfPage\":{\"@id\":\"https:\\\/\\\/www.novacura.com\\\/pl\\\/novacura-production-4-0-konferencja-w-poznaniu\\\/\"},\"wordCount\":956,\"commentCount\":0,\"image\":{\"@id\":\"https:\\\/\\\/www.novacura.com\\\/pl\\\/novacura-production-4-0-konferencja-w-poznaniu\\\/#primaryimage\"},\"thumbnailUrl\":\"https:\\\/\\\/www.novacura.com\\\/wp-content\\\/uploads\\\/2023\\\/05\\\/prodcution-manager-conference-poznan-2023-presentation-novacura-2.png\",\"articleSection\":[\"Uncategorized\"],\"inLanguage\":\"pl-PL\",\"potentialAction\":[{\"@type\":\"CommentAction\",\"name\":\"Comment\",\"target\":[\"https:\\\/\\\/www.novacura.com\\\/pl\\\/novacura-production-4-0-konferencja-w-poznaniu\\\/#respond\"]}]},{\"@type\":\"WebPage\",\"@id\":\"https:\\\/\\\/www.novacura.com\\\/pl\\\/novacura-production-4-0-konferencja-w-poznaniu\\\/\",\"url\":\"https:\\\/\\\/www.novacura.com\\\/pl\\\/novacura-production-4-0-konferencja-w-poznaniu\\\/\",\"name\":\"Novacura wzi\u0119\u0142a udzia\u0142 w konferencji Production 4.0. w Poznaniu &#8211; Novacura\",\"isPartOf\":{\"@id\":\"https:\\\/\\\/www.novacura.com\\\/pl\\\/#website\"},\"primaryImageOfPage\":{\"@id\":\"https:\\\/\\\/www.novacura.com\\\/pl\\\/novacura-production-4-0-konferencja-w-poznaniu\\\/#primaryimage\"},\"image\":{\"@id\":\"https:\\\/\\\/www.novacura.com\\\/pl\\\/novacura-production-4-0-konferencja-w-poznaniu\\\/#primaryimage\"},\"thumbnailUrl\":\"https:\\\/\\\/www.novacura.com\\\/wp-content\\\/uploads\\\/2023\\\/05\\\/prodcution-manager-conference-poznan-2023-presentation-novacura-2.png\",\"datePublished\":\"2023-03-29T14:14:21+00:00\",\"dateModified\":\"2024-02-28T14:32:38+00:00\",\"author\":{\"@id\":\"https:\\\/\\\/www.novacura.com\\\/pl\\\/#\\\/schema\\\/person\\\/bbfeaab222b638015ba32c8959dbe154\"},\"description\":\"Konferencja Production 4.0., kt\u00f3ra odby\u0142a si\u0119 28 marca 2023 r. w hotelu Novotel w Poznaniu. Novacura uczestniczy\u0142a w konferencji.\",\"breadcrumb\":{\"@id\":\"https:\\\/\\\/www.novacura.com\\\/pl\\\/novacura-production-4-0-konferencja-w-poznaniu\\\/#breadcrumb\"},\"inLanguage\":\"pl-PL\",\"potentialAction\":[{\"@type\":\"ReadAction\",\"target\":[\"https:\\\/\\\/www.novacura.com\\\/pl\\\/novacura-production-4-0-konferencja-w-poznaniu\\\/\"]}]},{\"@type\":\"ImageObject\",\"inLanguage\":\"pl-PL\",\"@id\":\"https:\\\/\\\/www.novacura.com\\\/pl\\\/novacura-production-4-0-konferencja-w-poznaniu\\\/#primaryimage\",\"url\":\"https:\\\/\\\/www.novacura.com\\\/wp-content\\\/uploads\\\/2023\\\/05\\\/prodcution-manager-conference-poznan-2023-presentation-novacura-2.png\",\"contentUrl\":\"https:\\\/\\\/www.novacura.com\\\/wp-content\\\/uploads\\\/2023\\\/05\\\/prodcution-manager-conference-poznan-2023-presentation-novacura-2.png\",\"width\":1280,\"height\":720},{\"@type\":\"BreadcrumbList\",\"@id\":\"https:\\\/\\\/www.novacura.com\\\/pl\\\/novacura-production-4-0-konferencja-w-poznaniu\\\/#breadcrumb\",\"itemListElement\":[{\"@type\":\"ListItem\",\"position\":1,\"name\":\"Home\",\"item\":\"https:\\\/\\\/www.novacura.com\\\/pl\\\/\"},{\"@type\":\"ListItem\",\"position\":2,\"name\":\"Novacura wzi\u0119\u0142a udzia\u0142 w konferencji Production 4.0. w Poznaniu\"}]},{\"@type\":\"WebSite\",\"@id\":\"https:\\\/\\\/www.novacura.com\\\/pl\\\/#website\",\"url\":\"https:\\\/\\\/www.novacura.com\\\/pl\\\/\",\"name\":\"Novacura\",\"description\":\"We\u00b4re a human-centric IT-company using services and software to simplify our customer&#039;s processes\",\"potentialAction\":[{\"@type\":\"SearchAction\",\"target\":{\"@type\":\"EntryPoint\",\"urlTemplate\":\"https:\\\/\\\/www.novacura.com\\\/pl\\\/?s={search_term_string}\"},\"query-input\":{\"@type\":\"PropertyValueSpecification\",\"valueRequired\":true,\"valueName\":\"search_term_string\"}}],\"inLanguage\":\"pl-PL\"},{\"@type\":\"Person\",\"@id\":\"https:\\\/\\\/www.novacura.com\\\/pl\\\/#\\\/schema\\\/person\\\/bbfeaab222b638015ba32c8959dbe154\",\"name\":\"Oleksandr Vasetskyi\",\"image\":{\"@type\":\"ImageObject\",\"inLanguage\":\"pl-PL\",\"@id\":\"https:\\\/\\\/secure.gravatar.com\\\/avatar\\\/284794c66d33f176063e72b3b5784d90c71dad5084b880c4f83b0152844fddde?s=96&d=mm&r=g\",\"url\":\"https:\\\/\\\/secure.gravatar.com\\\/avatar\\\/284794c66d33f176063e72b3b5784d90c71dad5084b880c4f83b0152844fddde?s=96&d=mm&r=g\",\"contentUrl\":\"https:\\\/\\\/secure.gravatar.com\\\/avatar\\\/284794c66d33f176063e72b3b5784d90c71dad5084b880c4f83b0152844fddde?s=96&d=mm&r=g\",\"caption\":\"Oleksandr Vasetskyi\"},\"url\":\"https:\\\/\\\/www.novacura.com\\\/pl\\\/author\\\/oleksandr-vasetskyi\\\/\"}]}<\/script>\n<!-- \/ Yoast SEO plugin. -->","yoast_head_json":{"title":"Novacura wzi\u0119\u0142a udzia\u0142 w konferencji Production 4.0. w Poznaniu &#8211; Novacura","description":"Konferencja Production 4.0., kt\u00f3ra odby\u0142a si\u0119 28 marca 2023 r. w hotelu Novotel w Poznaniu. Novacura uczestniczy\u0142a w konferencji.","robots":{"index":"index","follow":"follow","max-snippet":"max-snippet:-1","max-image-preview":"max-image-preview:large","max-video-preview":"max-video-preview:-1"},"canonical":"https:\/\/www.novacura.com\/pl\/novacura-production-4-0-konferencja-w-poznaniu\/","og_locale":"pl_PL","og_type":"article","og_title":"Novacura wzi\u0119\u0142a udzia\u0142 w konferencji Production 4.0. w Poznaniu &#8211; Novacura","og_description":"Konferencja Production 4.0., kt\u00f3ra odby\u0142a si\u0119 28 marca 2023 r. w hotelu Novotel w Poznaniu. Novacura uczestniczy\u0142a w konferencji.","og_url":"https:\/\/www.novacura.com\/pl\/novacura-production-4-0-konferencja-w-poznaniu\/","og_site_name":"Novacura","article_published_time":"2023-03-29T14:14:21+00:00","article_modified_time":"2024-02-28T14:32:38+00:00","og_image":[{"width":1280,"height":720,"url":"https:\/\/www.novacura.com\/wp-content\/uploads\/2024\/02\/novacura-wziela-udzial-w-konferencji-production-40-w-poznaniu.jpg","type":"image\/jpeg"}],"author":"Oleksandr Vasetskyi","twitter_card":"summary_large_image","schema":{"@context":"https:\/\/schema.org","@graph":[{"@type":"Article","@id":"https:\/\/www.novacura.com\/pl\/novacura-production-4-0-konferencja-w-poznaniu\/#article","isPartOf":{"@id":"https:\/\/www.novacura.com\/pl\/novacura-production-4-0-konferencja-w-poznaniu\/"},"author":{"name":"Oleksandr Vasetskyi","@id":"https:\/\/www.novacura.com\/pl\/#\/schema\/person\/bbfeaab222b638015ba32c8959dbe154"},"headline":"Novacura wzi\u0119\u0142a udzia\u0142 w konferencji Production 4.0. w Poznaniu","datePublished":"2023-03-29T14:14:21+00:00","dateModified":"2024-02-28T14:32:38+00:00","mainEntityOfPage":{"@id":"https:\/\/www.novacura.com\/pl\/novacura-production-4-0-konferencja-w-poznaniu\/"},"wordCount":956,"commentCount":0,"image":{"@id":"https:\/\/www.novacura.com\/pl\/novacura-production-4-0-konferencja-w-poznaniu\/#primaryimage"},"thumbnailUrl":"https:\/\/www.novacura.com\/wp-content\/uploads\/2023\/05\/prodcution-manager-conference-poznan-2023-presentation-novacura-2.png","articleSection":["Uncategorized"],"inLanguage":"pl-PL","potentialAction":[{"@type":"CommentAction","name":"Comment","target":["https:\/\/www.novacura.com\/pl\/novacura-production-4-0-konferencja-w-poznaniu\/#respond"]}]},{"@type":"WebPage","@id":"https:\/\/www.novacura.com\/pl\/novacura-production-4-0-konferencja-w-poznaniu\/","url":"https:\/\/www.novacura.com\/pl\/novacura-production-4-0-konferencja-w-poznaniu\/","name":"Novacura wzi\u0119\u0142a udzia\u0142 w konferencji Production 4.0. w Poznaniu &#8211; Novacura","isPartOf":{"@id":"https:\/\/www.novacura.com\/pl\/#website"},"primaryImageOfPage":{"@id":"https:\/\/www.novacura.com\/pl\/novacura-production-4-0-konferencja-w-poznaniu\/#primaryimage"},"image":{"@id":"https:\/\/www.novacura.com\/pl\/novacura-production-4-0-konferencja-w-poznaniu\/#primaryimage"},"thumbnailUrl":"https:\/\/www.novacura.com\/wp-content\/uploads\/2023\/05\/prodcution-manager-conference-poznan-2023-presentation-novacura-2.png","datePublished":"2023-03-29T14:14:21+00:00","dateModified":"2024-02-28T14:32:38+00:00","author":{"@id":"https:\/\/www.novacura.com\/pl\/#\/schema\/person\/bbfeaab222b638015ba32c8959dbe154"},"description":"Konferencja Production 4.0., kt\u00f3ra odby\u0142a si\u0119 28 marca 2023 r. w hotelu Novotel w Poznaniu. Novacura uczestniczy\u0142a w konferencji.","breadcrumb":{"@id":"https:\/\/www.novacura.com\/pl\/novacura-production-4-0-konferencja-w-poznaniu\/#breadcrumb"},"inLanguage":"pl-PL","potentialAction":[{"@type":"ReadAction","target":["https:\/\/www.novacura.com\/pl\/novacura-production-4-0-konferencja-w-poznaniu\/"]}]},{"@type":"ImageObject","inLanguage":"pl-PL","@id":"https:\/\/www.novacura.com\/pl\/novacura-production-4-0-konferencja-w-poznaniu\/#primaryimage","url":"https:\/\/www.novacura.com\/wp-content\/uploads\/2023\/05\/prodcution-manager-conference-poznan-2023-presentation-novacura-2.png","contentUrl":"https:\/\/www.novacura.com\/wp-content\/uploads\/2023\/05\/prodcution-manager-conference-poznan-2023-presentation-novacura-2.png","width":1280,"height":720},{"@type":"BreadcrumbList","@id":"https:\/\/www.novacura.com\/pl\/novacura-production-4-0-konferencja-w-poznaniu\/#breadcrumb","itemListElement":[{"@type":"ListItem","position":1,"name":"Home","item":"https:\/\/www.novacura.com\/pl\/"},{"@type":"ListItem","position":2,"name":"Novacura wzi\u0119\u0142a udzia\u0142 w konferencji Production 4.0. w Poznaniu"}]},{"@type":"WebSite","@id":"https:\/\/www.novacura.com\/pl\/#website","url":"https:\/\/www.novacura.com\/pl\/","name":"Novacura","description":"We\u00b4re a human-centric IT-company using services and software to simplify our customer&#039;s processes","potentialAction":[{"@type":"SearchAction","target":{"@type":"EntryPoint","urlTemplate":"https:\/\/www.novacura.com\/pl\/?s={search_term_string}"},"query-input":{"@type":"PropertyValueSpecification","valueRequired":true,"valueName":"search_term_string"}}],"inLanguage":"pl-PL"},{"@type":"Person","@id":"https:\/\/www.novacura.com\/pl\/#\/schema\/person\/bbfeaab222b638015ba32c8959dbe154","name":"Oleksandr Vasetskyi","image":{"@type":"ImageObject","inLanguage":"pl-PL","@id":"https:\/\/secure.gravatar.com\/avatar\/284794c66d33f176063e72b3b5784d90c71dad5084b880c4f83b0152844fddde?s=96&d=mm&r=g","url":"https:\/\/secure.gravatar.com\/avatar\/284794c66d33f176063e72b3b5784d90c71dad5084b880c4f83b0152844fddde?s=96&d=mm&r=g","contentUrl":"https:\/\/secure.gravatar.com\/avatar\/284794c66d33f176063e72b3b5784d90c71dad5084b880c4f83b0152844fddde?s=96&d=mm&r=g","caption":"Oleksandr Vasetskyi"},"url":"https:\/\/www.novacura.com\/pl\/author\/oleksandr-vasetskyi\/"}]}},"_links":{"self":[{"href":"https:\/\/www.novacura.com\/pl\/wp-json\/wp\/v2\/posts\/58927","targetHints":{"allow":["GET"]}}],"collection":[{"href":"https:\/\/www.novacura.com\/pl\/wp-json\/wp\/v2\/posts"}],"about":[{"href":"https:\/\/www.novacura.com\/pl\/wp-json\/wp\/v2\/types\/post"}],"author":[{"embeddable":true,"href":"https:\/\/www.novacura.com\/pl\/wp-json\/wp\/v2\/users\/10"}],"replies":[{"embeddable":true,"href":"https:\/\/www.novacura.com\/pl\/wp-json\/wp\/v2\/comments?post=58927"}],"version-history":[{"count":0,"href":"https:\/\/www.novacura.com\/pl\/wp-json\/wp\/v2\/posts\/58927\/revisions"}],"wp:featuredmedia":[{"embeddable":true,"href":"https:\/\/www.novacura.com\/pl\/wp-json\/wp\/v2\/media\/44325"}],"wp:attachment":[{"href":"https:\/\/www.novacura.com\/pl\/wp-json\/wp\/v2\/media?parent=58927"}],"wp:term":[{"taxonomy":"category","embeddable":true,"href":"https:\/\/www.novacura.com\/pl\/wp-json\/wp\/v2\/categories?post=58927"}],"curies":[{"name":"wp","href":"https:\/\/api.w.org\/{rel}","templated":true}]}}